{"id":4256,"date":"2023-04-20T16:03:33","date_gmt":"2023-04-20T19:03:33","guid":{"rendered":"https:\/\/www.carmahe.com\/sitio\/?p=4256"},"modified":"2023-04-20T16:20:22","modified_gmt":"2023-04-20T19:20:22","slug":"noticias-aumento-la-utilizacion-de-la-capacidad-instalada","status":"publish","type":"post","link":"https:\/\/www.carmahe.com\/sitio\/2023\/04\/20\/noticias-aumento-la-utilizacion-de-la-capacidad-instalada\/","title":{"rendered":"NOTICIAS | Aument\u00f3 la utilizaci\u00f3n de la capacidad instalada"},"content":{"rendered":"<p>[et_pb_section fb_built=&#8221;1&#8243; _builder_version=&#8221;4.19.4&#8243; _module_preset=&#8221;default&#8221; global_colors_info=&#8221;{}&#8221;][et_pb_row _builder_version=&#8221;4.19.4&#8243; _module_preset=&#8221;default&#8221; global_colors_info=&#8221;{}&#8221;][et_pb_column type=&#8221;4_4&#8243; _builder_version=&#8221;4.19.4&#8243; _module_preset=&#8221;default&#8221; global_colors_info=&#8221;{}&#8221;][et_pb_text _builder_version=&#8221;4.19.4&#8243; _module_preset=&#8221;default&#8221; hover_enabled=&#8221;0&#8243; global_colors_info=&#8221;{}&#8221; sticky_enabled=&#8221;0&#8243;]<\/p>\n<p><strong>La utilizaci\u00f3n de la capacidad instalada en la industria se ubic\u00f3 en el 65% en febrero, superando al mismo mes del 2022, cuando fue del 64%. El bloque sectorial de la industria metalmec\u00e1nica (ubicado debajo del nivel general con 52,2%) baj\u00f3 levemente en la comparaci\u00f3n interanual (52,3% en febrero del 2022) pero subi\u00f3 respecto a enero de este a\u00f1o, cuando el \u00edndice hab\u00eda sido de 45,3%.<\/strong><\/p>\n<p>A su vez, el \u00edndice general se ubica en el mayor nivel desde noviembre, cuando hab\u00eda sido del 68,9%. Los dos meses siguientes hab\u00edan ido a la baja, seg\u00fan inform\u00f3 el INDEC.<\/p>\n<p>[\/et_pb_text][et_pb_image src=&#8221;https:\/\/www.carmahe.com\/sitio\/wp-content\/uploads\/2022\/10\/pyme-empresa-industria.webp&#8221; title_text=&#8221;pyme-empresa-industria&#8221; _builder_version=&#8221;4.19.4&#8243; _module_preset=&#8221;default&#8221; global_colors_info=&#8221;{}&#8221;][\/et_pb_image][et_pb_text _builder_version=&#8221;4.19.4&#8243; _module_preset=&#8221;default&#8221; hover_enabled=&#8221;0&#8243; global_colors_info=&#8221;{}&#8221; sticky_enabled=&#8221;0&#8243;]<\/p>\n<p>Los bloques sectoriales que presentaron niveles superiores al nivel general fueron refinaci\u00f3n del petr\u00f3leo (86,0%), papel y cart\u00f3n (77,2%), industrias met\u00e1licas b\u00e1sicas (74,7%), productos minerales no met\u00e1licos (74,4%) y sustancias y productos qu\u00edmicos (74,2%).\u00a0Por el contrario, los bloques sectoriales que se ubican debajo del nivel general son la industria automotriz (60,5%), edici\u00f3n e impresi\u00f3n (59,6%), productos alimenticios y bebidas (59,3%), productos de caucho y pl\u00e1stico (53,7%), productos textiles (52,4%), metalmec\u00e1nica -excepto automotores- (52,2%) y productos del tabaco (51,7%).<\/p>\n<p>En febrero de este a\u00f1o, respecto al mismo mes de 2022, las principales incidencias positivas se observaron en la refinaci\u00f3n del petr\u00f3leo y en las industrias met\u00e1licas b\u00e1sicas. En el primer caso, se dio por un mayor nivel de procesamiento de crudo. \u201cEn efecto, seg\u00fan datos del \u00cdndice de producci\u00f3n industrial manufacturero (IPI manufacturero), las producciones de gasoil y naftas presentan en febrero de 2023 incrementos interanuales de 31,8% y 10,0%, respectivamente\u201d, explic\u00f3 INDEC.\u00a0<\/p>\n<p>En cuanto al nivel de las \u201cindustrias met\u00e1licas b\u00e1sicas\u201d, seg\u00fan datos de la C\u00e1mara Argentina del Acero que comparte el Instituto, la producci\u00f3n de acero crudo exhibi\u00f3 una suba interanual de 12,7% en el mes de referencia.<\/p>\n<p>Por otro lado, la industria automotriz mostr\u00f3 un nivel de utilizaci\u00f3n de la capacidad instalada de 60,5%, superior al de febrero de 2022 (51,6%), &#8220;relacionado a la mayor cantidad de unidades fabricadas por las terminales automotrices&#8221;, se explic\u00f3 en el informe.<\/p>\n<p><em>Fuente: INDEC &#8211; Instituto Nacional de Estad\u00edsticas y Censos<\/em><\/p>\n<p>[\/et_pb_text][\/et_pb_column][\/et_pb_row][\/et_pb_section]<\/p>\n","protected":false},"excerpt":{"rendered":"<p>La utilizaci\u00f3n de la capacidad instalada en la industria se ubic\u00f3 en el 65% en febrero, superando al mismo mes del 2022, cuando fue del 64%. El bloque sectorial de la industria metalmec\u00e1nica (ubicado debajo del nivel general con 52,2%) baj\u00f3 levemente en la comparaci\u00f3n interanual (52,3% en febrero del 2022) pero subi\u00f3 respecto a [&hellip;]<\/p>\n","protected":false},"author":152,"featured_media":3802,"comment_status":"closed","ping_status":"closed","sticky":false,"template":"","format":"standard","meta":{"_acf_changed":false,"_et_pb_use_builder":"on","_et_pb_old_content":"","_et_gb_content_width":"","footnotes":""},"categories":[5],"tags":[],"class_list":["post-4256","post","type-post","status-publish","format-standard","has-post-thumbnail","hentry","category-novedades"],"acf":[],"_links":{"self":[{"href":"https:\/\/www.carmahe.com\/sitio\/wp-json\/wp\/v2\/posts\/4256","targetHints":{"allow":["GET"]}}],"collection":[{"href":"https:\/\/www.carmahe.com\/sitio\/wp-json\/wp\/v2\/posts"}],"about":[{"href":"https:\/\/www.carmahe.com\/sitio\/wp-json\/wp\/v2\/types\/post"}],"author":[{"embeddable":true,"href":"https:\/\/www.carmahe.com\/sitio\/wp-json\/wp\/v2\/users\/152"}],"replies":[{"embeddable":true,"href":"https:\/\/www.carmahe.com\/sitio\/wp-json\/wp\/v2\/comments?post=4256"}],"version-history":[{"count":8,"href":"https:\/\/www.carmahe.com\/sitio\/wp-json\/wp\/v2\/posts\/4256\/revisions"}],"predecessor-version":[{"id":4267,"href":"https:\/\/www.carmahe.com\/sitio\/wp-json\/wp\/v2\/posts\/4256\/revisions\/4267"}],"wp:featuredmedia":[{"embeddable":true,"href":"https:\/\/www.carmahe.com\/sitio\/wp-json\/wp\/v2\/media\/3802"}],"wp:attachment":[{"href":"https:\/\/www.carmahe.com\/sitio\/wp-json\/wp\/v2\/media?parent=4256"}],"wp:term":[{"taxonomy":"category","embeddable":true,"href":"https:\/\/www.carmahe.com\/sitio\/wp-json\/wp\/v2\/categories?post=4256"},{"taxonomy":"post_tag","embeddable":true,"href":"https:\/\/www.carmahe.com\/sitio\/wp-json\/wp\/v2\/tags?post=4256"}],"curies":[{"name":"wp","href":"https:\/\/api.w.org\/{rel}","templated":true}]}}