{"id":4334,"date":"2023-08-11T20:23:36","date_gmt":"2023-08-11T23:23:36","guid":{"rendered":"https:\/\/www.carmahe.com\/sitio\/?p=4334"},"modified":"2023-08-11T20:23:41","modified_gmt":"2023-08-11T23:23:41","slug":"encuentro-de-empresarios-el-largo-camino-hacia-el-10-de-diciembre","status":"publish","type":"post","link":"https:\/\/www.carmahe.com\/sitio\/2023\/08\/11\/encuentro-de-empresarios-el-largo-camino-hacia-el-10-de-diciembre\/","title":{"rendered":"Encuentro de empresarios: \u201cEl largo camino hacia el 10 de diciembre\u201d"},"content":{"rendered":"<p>[et_pb_section fb_built=&#8221;1&#8243; theme_builder_area=&#8221;post_content&#8221; _builder_version=&#8221;4.21.0&#8243; _module_preset=&#8221;default&#8221;][et_pb_row _builder_version=&#8221;4.21.0&#8243; _module_preset=&#8221;default&#8221; theme_builder_area=&#8221;post_content&#8221;][et_pb_column _builder_version=&#8221;4.21.0&#8243; _module_preset=&#8221;default&#8221; type=&#8221;4_4&#8243; theme_builder_area=&#8221;post_content&#8221;][et_pb_text _builder_version=&#8221;4.21.0&#8243; _module_preset=&#8221;default&#8221; theme_builder_area=&#8221;post_content&#8221; hover_enabled=&#8221;0&#8243; sticky_enabled=&#8221;0&#8243;]<\/p>\n<p><strong>CARMAHE, la C\u00e1mara que re\u00fane a empresas de la m\u00e1quina-herramienta y tecnolog\u00edas para la producci\u00f3n, organiz\u00f3 una charla-debate con el economista Daniel Artana, de cara al proceso electoral que atraviesa nuestro pa\u00eds.<\/strong><\/p>\n<p>[\/et_pb_text][\/et_pb_column][\/et_pb_row][et_pb_row _builder_version=&#8221;4.21.0&#8243; _module_preset=&#8221;default&#8221; column_structure=&#8221;1_2,1_2&#8243; theme_builder_area=&#8221;post_content&#8221;][et_pb_column _builder_version=&#8221;4.21.0&#8243; _module_preset=&#8221;default&#8221; type=&#8221;1_2&#8243; theme_builder_area=&#8221;post_content&#8221;][et_pb_image _builder_version=&#8221;4.21.0&#8243; _module_preset=&#8221;default&#8221; theme_builder_area=&#8221;post_content&#8221; title_text=&#8221;artana1&#8243; src=&#8221;https:\/\/www.carmahe.com\/sitio\/wp-content\/uploads\/2023\/08\/artana1.jpeg&#8221; hover_enabled=&#8221;0&#8243; sticky_enabled=&#8221;0&#8243;][\/et_pb_image][\/et_pb_column][et_pb_column _builder_version=&#8221;4.21.0&#8243; _module_preset=&#8221;default&#8221; type=&#8221;1_2&#8243; theme_builder_area=&#8221;post_content&#8221;][et_pb_image _builder_version=&#8221;4.21.0&#8243; _module_preset=&#8221;default&#8221; theme_builder_area=&#8221;post_content&#8221; title_text=&#8221;artana2&#8243; src=&#8221;https:\/\/www.carmahe.com\/sitio\/wp-content\/uploads\/2023\/08\/artana2.jpeg&#8221; hover_enabled=&#8221;0&#8243; sticky_enabled=&#8221;0&#8243;][\/et_pb_image][\/et_pb_column][\/et_pb_row][et_pb_row _builder_version=&#8221;4.21.0&#8243; _module_preset=&#8221;default&#8221; theme_builder_area=&#8221;post_content&#8221;][et_pb_column _builder_version=&#8221;4.21.0&#8243; _module_preset=&#8221;default&#8221; type=&#8221;4_4&#8243; theme_builder_area=&#8221;post_content&#8221;][et_pb_text _builder_version=&#8221;4.21.0&#8243; _module_preset=&#8221;default&#8221; theme_builder_area=&#8221;post_content&#8221; hover_enabled=&#8221;0&#8243; sticky_enabled=&#8221;0&#8243;]<\/p>\n<p>La C\u00e1mara Argentina de la M\u00e1quina-Herramienta y Tecnolog\u00edas para la Producci\u00f3n (CARMAHE) organiz\u00f3 una charla gratuita para sus socios con la participaci\u00f3n de Daniel Artana, economista jefe de FIEL (Fundaci\u00f3n de Investigaciones Econ\u00f3micas Latinoamericanas), para debatir sobre los distintos panoramas econ\u00f3micos que se abren de cara a diciembre. El encuentro tuvo lugar en las oficinas de CARMAHE, en el microcentro porte\u00f1o, y participaron socios tanto de forma presencial como virtual.<\/p>\n<p>Luego de realizar una contextualizaci\u00f3n del presente econ\u00f3mico de Argentina, Artana explic\u00f3 los diferentes caminos que cada candidato podr\u00eda tomar de ganar en octubre. Al cierre se dio lugar a las preguntas de los asistentes, que giraron en su mayor\u00eda en torno al cepo al d\u00f3lar y la brecha cambiaria.<\/p>\n<p>\u201cEn momentos de incertidumbre como estos, CARMAHE nos posibilita encontrarnos entre empresarios para intercambiar ideas y buscar soluciones comunes\u201d, expres\u00f3 Fernando G\u00f6ttert, cabeza de la empresa G\u00f6ttert S.A. y miembro de la Comisi\u00f3n Directiva de la C\u00e1mara.<\/p>\n<p>Con relaci\u00f3n al rol de CARMAHE con el sector p\u00fablico, Claudio Picotti de HYNAR \u2013 Hidr\u00e1ulica y Neum\u00e1tica Argentina y tambi\u00e9n miembro de la CD, sostuvo que la C\u00e1mara es propositiva sobre la pol\u00edtica industrial nacional, y busca sumar ideas que sean nexo entre lo privado y lo p\u00fablico.<\/p>\n<p>Este encuentro fue el primero de un ciclo de charlas en el cual CARMAHE convoca a los equipos econ\u00f3micos de los candidatos de las principales fuerzas pol\u00edticas que se definir\u00e1n en pr\u00f3ximo domingo.<\/p>\n<p>[\/et_pb_text][\/et_pb_column][\/et_pb_row][\/et_pb_section]<\/p>\n","protected":false},"excerpt":{"rendered":"<p>CARMAHE, la C\u00e1mara que re\u00fane a empresas de la m\u00e1quina-herramienta y tecnolog\u00edas para la producci\u00f3n, organiz\u00f3 una charla-debate con el economista Daniel Artana, de cara al proceso electoral que atraviesa nuestro pa\u00eds.La C\u00e1mara Argentina de la M\u00e1quina-Herramienta y Tecnolog\u00edas para la Producci\u00f3n (CARMAHE) organiz\u00f3 una charla gratuita para sus socios con la participaci\u00f3n de Daniel [&hellip;]<\/p>\n","protected":false},"author":152,"featured_media":4338,"comment_status":"closed","ping_status":"closed","sticky":false,"template":"","format":"standard","meta":{"_acf_changed":false,"_et_pb_use_builder":"on","_et_pb_old_content":"","_et_gb_content_width":"","footnotes":""},"categories":[5],"tags":[],"class_list":["post-4334","post","type-post","status-publish","format-standard","has-post-thumbnail","hentry","category-novedades"],"acf":[],"_links":{"self":[{"href":"https:\/\/www.carmahe.com\/sitio\/wp-json\/wp\/v2\/posts\/4334","targetHints":{"allow":["GET"]}}],"collection":[{"href":"https:\/\/www.carmahe.com\/sitio\/wp-json\/wp\/v2\/posts"}],"about":[{"href":"https:\/\/www.carmahe.com\/sitio\/wp-json\/wp\/v2\/types\/post"}],"author":[{"embeddable":true,"href":"https:\/\/www.carmahe.com\/sitio\/wp-json\/wp\/v2\/users\/152"}],"replies":[{"embeddable":true,"href":"https:\/\/www.carmahe.com\/sitio\/wp-json\/wp\/v2\/comments?post=4334"}],"version-history":[{"count":2,"href":"https:\/\/www.carmahe.com\/sitio\/wp-json\/wp\/v2\/posts\/4334\/revisions"}],"predecessor-version":[{"id":4339,"href":"https:\/\/www.carmahe.com\/sitio\/wp-json\/wp\/v2\/posts\/4334\/revisions\/4339"}],"wp:featuredmedia":[{"embeddable":true,"href":"https:\/\/www.carmahe.com\/sitio\/wp-json\/wp\/v2\/media\/4338"}],"wp:attachment":[{"href":"https:\/\/www.carmahe.com\/sitio\/wp-json\/wp\/v2\/media?parent=4334"}],"wp:term":[{"taxonomy":"category","embeddable":true,"href":"https:\/\/www.carmahe.com\/sitio\/wp-json\/wp\/v2\/categories?post=4334"},{"taxonomy":"post_tag","embeddable":true,"href":"https:\/\/www.carmahe.com\/sitio\/wp-json\/wp\/v2\/tags?post=4334"}],"curies":[{"name":"wp","href":"https:\/\/api.w.org\/{rel}","templated":true}]}}