{"id":4455,"date":"2024-01-09T13:20:23","date_gmt":"2024-01-09T16:20:23","guid":{"rendered":"https:\/\/www.carmahe.com\/sitio\/?p=4455"},"modified":"2024-01-09T13:20:29","modified_gmt":"2024-01-09T16:20:29","slug":"noticias-extienden-el-plazo-para-registrar-deuda-comercial-en-el-padron-de-importadores","status":"publish","type":"post","link":"https:\/\/www.carmahe.com\/sitio\/2024\/01\/09\/noticias-extienden-el-plazo-para-registrar-deuda-comercial-en-el-padron-de-importadores\/","title":{"rendered":"NOTICIAS | Extienden el plazo para registrar deuda comercial en el padr\u00f3n de importadores"},"content":{"rendered":"<p>[et_pb_section fb_built=&#8221;1&#8243; theme_builder_area=&#8221;post_content&#8221; _builder_version=&#8221;4.23.1&#8243; _module_preset=&#8221;default&#8221;][et_pb_row _builder_version=&#8221;4.23.1&#8243; _module_preset=&#8221;default&#8221; theme_builder_area=&#8221;post_content&#8221;][et_pb_column _builder_version=&#8221;4.23.1&#8243; _module_preset=&#8221;default&#8221; type=&#8221;4_4&#8243; theme_builder_area=&#8221;post_content&#8221;][et_pb_text _builder_version=&#8221;4.23.1&#8243; _module_preset=&#8221;default&#8221; theme_builder_area=&#8221;post_content&#8221; hover_enabled=&#8221;0&#8243; sticky_enabled=&#8221;0&#8243;]<\/p>\n<p><strong>La Secretar\u00eda de Comercio, a cargo de Pablo Lavigne, estir\u00f3 los plazos para ingresar al Padr\u00f3n de Deuda Comercial por Importaciones con Proveedores del Exterior, debido a las dificultades que acusan las empresas para hacer el tr\u00e1mite. Se decidi\u00f3 estipular como fecha l\u00edmite para la inscripci\u00f3n el pr\u00f3ximo mi\u00e9rcoles 24 de enero.\u00a0<\/strong><\/p>\n<p>Seg\u00fan informaci\u00f3n oficial, desde la entrada en vigencia hace una semana se superaron los USD 14.000 millones. &#8220;Este es el primer paso fundamental para regularizar la deuda de importadores. La inscripci\u00f3n al padr\u00f3n, que venc\u00eda el mi\u00e9rcoles 10 de enero, ser\u00e1 prorrogada hasta el 24 de enero debido a algunas demoras operativas que impidieron la carga de determinadas deudas&#8221;, destacaron en el comunicado de la Secretar\u00eda.<\/p>\n<p>Luego de decretar el fin del Sistema de Importaciones de la Rep\u00fablica Argentina (SIRA) para que &#8220;terminar con la discrecionalidad y garantizar la transparencia en el proceso de aprobaci\u00f3n&#8221;, el Gobierno lanz\u00f3 el Sistema Estad\u00edstico de Importaciones (SEDI) mediante una resoluci\u00f3n de la Administraci\u00f3n Federal de Ingresos P\u00fablicos (AFIP) y la Secretar\u00eda de Comercio. Junto al nuevo sistema se cre\u00f3 el padr\u00f3n &#8220;para contar con informaci\u00f3n actualizada de la deuda comercial de los importadores con proveedores del exterior&#8221;.<\/p>\n<p>A su vez, en la Resoluci\u00f3n General 5466\/2023 se estipul\u00f3 que tambi\u00e9n estar\u00eda abierto para quienes cancelaron la deuda con proveedores del exterior con otros mecanismos que no implicaron el giro de divisas, con el prop\u00f3sito de que quede asentado el cumplimiento total de las obligaciones de pago asociadas a esas operaciones.<\/p>\n<p>En la misma normativa se estipul\u00f3 que aquellos sujetos con pasivos comerciales por importaci\u00f3n que no efect\u00faen la declaraci\u00f3n en tiempo y forma, falseen o adulteren la informaci\u00f3n, no tendr\u00e1n la posibilidad de acceder a los mecanismos de cancelaci\u00f3n disponibles, lo que dejar\u00e1 la deuda sujeta a una ulterior evaluaci\u00f3n luego de que se regularice la situaci\u00f3n.<\/p>\n<p><em>Fuente: El Cronista<\/em><\/p>\n<p>[\/et_pb_text][\/et_pb_column][\/et_pb_row][\/et_pb_section]<\/p>\n","protected":false},"excerpt":{"rendered":"<p>La Secretar\u00eda de Comercio, a cargo de Pablo Lavigne, estir\u00f3 los plazos para ingresar al Padr\u00f3n de Deuda Comercial por Importaciones con Proveedores del Exterior, debido a las dificultades que acusan las empresas para hacer el tr\u00e1mite. Se decidi\u00f3 estipular como fecha l\u00edmite para la inscripci\u00f3n el pr\u00f3ximo mi\u00e9rcoles 24 de enero.\u00a0 Seg\u00fan informaci\u00f3n oficial, [&hellip;]<\/p>\n","protected":false},"author":152,"featured_media":4458,"comment_status":"closed","ping_status":"closed","sticky":false,"template":"","format":"standard","meta":{"_acf_changed":false,"_et_pb_use_builder":"on","_et_pb_old_content":"","_et_gb_content_width":"","footnotes":""},"categories":[5],"tags":[],"class_list":["post-4455","post","type-post","status-publish","format-standard","has-post-thumbnail","hentry","category-novedades"],"acf":[],"_links":{"self":[{"href":"https:\/\/www.carmahe.com\/sitio\/wp-json\/wp\/v2\/posts\/4455","targetHints":{"allow":["GET"]}}],"collection":[{"href":"https:\/\/www.carmahe.com\/sitio\/wp-json\/wp\/v2\/posts"}],"about":[{"href":"https:\/\/www.carmahe.com\/sitio\/wp-json\/wp\/v2\/types\/post"}],"author":[{"embeddable":true,"href":"https:\/\/www.carmahe.com\/sitio\/wp-json\/wp\/v2\/users\/152"}],"replies":[{"embeddable":true,"href":"https:\/\/www.carmahe.com\/sitio\/wp-json\/wp\/v2\/comments?post=4455"}],"version-history":[{"count":2,"href":"https:\/\/www.carmahe.com\/sitio\/wp-json\/wp\/v2\/posts\/4455\/revisions"}],"predecessor-version":[{"id":4459,"href":"https:\/\/www.carmahe.com\/sitio\/wp-json\/wp\/v2\/posts\/4455\/revisions\/4459"}],"wp:featuredmedia":[{"embeddable":true,"href":"https:\/\/www.carmahe.com\/sitio\/wp-json\/wp\/v2\/media\/4458"}],"wp:attachment":[{"href":"https:\/\/www.carmahe.com\/sitio\/wp-json\/wp\/v2\/media?parent=4455"}],"wp:term":[{"taxonomy":"category","embeddable":true,"href":"https:\/\/www.carmahe.com\/sitio\/wp-json\/wp\/v2\/categories?post=4455"},{"taxonomy":"post_tag","embeddable":true,"href":"https:\/\/www.carmahe.com\/sitio\/wp-json\/wp\/v2\/tags?post=4455"}],"curies":[{"name":"wp","href":"https:\/\/api.w.org\/{rel}","templated":true}]}}